[{"@context":"https:\/\/schema.org\/","@type":"Article","@id":"https:\/\/www.keraben-cr.cz\/ver-si\/#Article","mainEntityOfPage":"https:\/\/www.keraben-cr.cz\/ver-si\/","headline":"V\u011b\u0159 si","name":"V\u011b\u0159 si","description":"Vzpom\u00edn\u00e1m si na to, jak\u00e9 to bylo b\u00fdt bez auta. Zn\u00e1te to tak\u00e9? Pro m\u011b bylo v\u017edy auto v m\u00e9m ni\u017e\u0161\u00edm v\u011bku takov\u00e9 nepraktick\u00e9, proto\u017ee nikdy jsem ne\u0159\u00eddila a nikdy jsem nesed\u011bla za volantem. Hodn\u011b jsem se b\u00e1la, proto\u017ee auto pro m\u011b nic neznamenalo, m\u011bla jsem p\u0159\u00edtele, kter\u00fd m\u011b v\u0161ude vozil a nec\u00edtila jsem pot\u0159ebu [&hellip;]","datePublished":"2022-12-19","dateModified":"2022-12-19","author":{"@type":"Person","@id":"https:\/\/www.keraben-cr.cz\/author\/#Person","name":"","url":"https:\/\/www.keraben-cr.cz\/author\/","identifier":1,"image":{"@type":"ImageObject","@id":"https:\/\/secure.gravatar.com\/avatar\/1fd5b20daa9a47a1102459a7c733d369075d8cc724ab489feb8ed72c657d346e?s=96&d=mm&r=g","url":"https:\/\/secure.gravatar.com\/avatar\/1fd5b20daa9a47a1102459a7c733d369075d8cc724ab489feb8ed72c657d346e?s=96&d=mm&r=g","height":96,"width":96}},"publisher":{"@type":"Organization","name":"keraben-cr.cz","logo":{"@type":"ImageObject","@id":"\/logo.png","url":"\/logo.png","width":600,"height":60}},"image":{"@type":"ImageObject","@id":"https:\/\/www.keraben-cr.cz\/wp-content\/uploads\/llyfrgell-genedlaethol-cymru-the-national-library-of-wales-AlaSSqnkY9U-unsplash.jpg","url":"https:\/\/www.keraben-cr.cz\/wp-content\/uploads\/llyfrgell-genedlaethol-cymru-the-national-library-of-wales-AlaSSqnkY9U-unsplash.jpg","height":0,"width":0},"url":"https:\/\/www.keraben-cr.cz\/ver-si\/","about":["Auto"],"wordCount":435,"articleBody":"Vzpom\u00edn\u00e1m si na to, jak\u00e9 to bylo b\u00fdt bez auta. Zn\u00e1te to tak\u00e9? Pro m\u011b bylo v\u017edy auto v m\u00e9m ni\u017e\u0161\u00edm v\u011bku takov\u00e9 nepraktick\u00e9, proto\u017ee nikdy jsem ne\u0159\u00eddila a nikdy jsem nesed\u011bla za volantem. Hodn\u011b jsem se b\u00e1la, proto\u017ee auto pro m\u011b nic neznamenalo, m\u011bla jsem p\u0159\u00edtele, kter\u00fd m\u011b v\u0161ude vozil a nec\u00edtila jsem pot\u0159ebu m\u00edt auto. Jezdily jsme nakupovat a kam jsem pot\u0159ebovala v\u017edy m\u011b v\u0161ude zavezl. Najednou jsme se ale roze\u0161li a zjistila jsem, \u017ee se mus\u00edm op\u011bt vr\u00e1tit k tomu jezdit autobusem a v\u0161e zvl\u00e1dat sama. Nebylo to jednoduch\u00e9, proto\u017ee jsem zjistila, jak\u00e9 to bylo, kdy\u017e m\u011b v\u0161ude zavezl. Nedalo se v\u016fbec nic d\u011blat, prost\u011b jsem sebrala odvahu a op\u011bt jezdila autobusem. Za\u010dala jsem chodit i na brig\u00e1du a vyd\u011blala jsem si pen\u00edze, jakmile jsem m\u011bla n\u011bco m\u00e1lo na\u0161et\u0159eno, tak mi projelo hlavou z ni\u010deho nic, \u017ee si ud\u011bl\u00e1m \u0159idi\u010d\u00e1k na auto. Byla to obrovsk\u00e1 n\u00e1hoda, proto\u017ee jsem v\u017edy \u0159\u00edkala, \u017ee auto rozhodn\u011b \u0159\u00eddit nikdy nebudu. Opak se stal pravdou. P\u0159i\u0161la jsem do auto\u0161koly a sd\u011blila jsem pan\u00ed, kter\u00e1 tam sed\u011bla v kancel\u00e1\u0159i, \u017ee chci \u0159\u00eddit auto, a \u017ee chci vyplnit p\u0159ihl\u00e1\u0161ku. V\u0161e prob\u011bhlo ve velk\u00e9 rychlosti a zjistila jsem, \u017ee kone\u010dn\u011b pro sebe i n\u011bco ud\u011bl\u00e1m, nap\u0159\u00edklad, \u017ee se dok\u00e1\u017eu postarat i sama o sebe a nemus\u00edm na nikoho spol\u00e9hat. Najednou jsem m\u011bla prvn\u00ed j\u00edzdu a c\u00edtila jsem ten skv\u011bl\u00fd pocit, \u017ee si n\u011bkam zajedu a \u017ee \u0159\u00edd\u00edm kone\u010dn\u011b auto sama. No, byla jsem opravdu jako v sedm\u00e9m nebi. Bylo to tak moc fajn. Od t\u00e9 doby v\u00edm, \u017ee jsem ud\u011blala pro sebe to nejlep\u0161\u00ed, co jsem mohla, a taky to, \u017ee se postar\u00e1m sama o sebe. \u010clov\u011bk v \u017eivot\u011b dok\u00e1\u017ee cokoliv, sta\u010d\u00ed jen cht\u00edt a v\u011b\u0159it si. Proto se nikdy nebojte a v\u017edycky ud\u011blejte n\u011bco pro sebe, proto\u017ee je to v\u017edy pro Va\u0161e dobro. Kolikr\u00e1t se boj\u00edme n\u011bco ud\u011blat, ale v \u017eivot\u011b se mus\u00ed zkusit ud\u011blat v\u0161echno, proto se nebojte a b\u011b\u017ete do v\u0161eho co V\u00e1s jen a jen napadne. Ud\u011bl\u00e1te to nejlep\u0161\u00ed pro sebe. To mi v\u011b\u0159te.                                                                                                                                                                                                                                                                                                                                                                                        4\/5 - (2 votes)        "},{"@context":"https:\/\/schema.org\/","@type":"BreadcrumbList","itemListElement":[{"@type":"ListItem","position":1,"name":"V\u011b\u0159 si","item":"https:\/\/www.keraben-cr.cz\/ver-si\/#breadcrumbitem"}]}]