[{"@context":"https:\/\/schema.org\/","@type":"Article","@id":"https:\/\/www.keraben-cr.cz\/je-vhodne-pouzivat-sedaci-vaky-pro-deti\/#Article","mainEntityOfPage":"https:\/\/www.keraben-cr.cz\/je-vhodne-pouzivat-sedaci-vaky-pro-deti\/","headline":"Je vhodn\u00e9 pou\u017e\u00edvat sedac\u00ed vaky pro d\u011bti?","name":"Je vhodn\u00e9 pou\u017e\u00edvat sedac\u00ed vaky pro d\u011bti?","description":"Nen\u00ed t\u0159eba \u0159\u00edkat, \u017ee sou\u010dasn\u00e1 generace skute\u010dn\u011b hodn\u011b sed\u00ed. A to plat\u00ed i o d\u011btech, kter\u00e9 si hraj\u00ed s tabletem \u010di mobiln\u00edm telefonem m\u00edsto nap\u0159\u00edklad s m\u00ed\u010dem. Proto je d\u016fle\u017eit\u00e9, aby si ji\u017e v ml\u00e1d\u00ed utvrzovaly spr\u00e1vn\u00fd styl sedu, aby se p\u0159ede\u0161lo probl\u00e9m\u016fm s v\u00fdvojem p\u00e1te\u0159e. Z tohoto d\u016fvodu je pom\u011brn\u011b z\u00e1sadn\u00ed i volba sedac\u00edho [&hellip;]","datePublished":"2020-07-12","dateModified":"2023-05-15","author":{"@type":"Person","@id":"https:\/\/www.keraben-cr.cz\/author\/#Person","name":"","url":"https:\/\/www.keraben-cr.cz\/author\/","identifier":1,"image":{"@type":"ImageObject","@id":"https:\/\/secure.gravatar.com\/avatar\/1fd5b20daa9a47a1102459a7c733d369075d8cc724ab489feb8ed72c657d346e?s=96&d=mm&r=g","url":"https:\/\/secure.gravatar.com\/avatar\/1fd5b20daa9a47a1102459a7c733d369075d8cc724ab489feb8ed72c657d346e?s=96&d=mm&r=g","height":96,"width":96}},"publisher":{"@type":"Organization","name":"keraben-cr.cz","logo":{"@type":"ImageObject","@id":"\/logo.png","url":"\/logo.png","width":600,"height":60}},"image":{"@type":"ImageObject","@id":"https:\/\/www.keraben-cr.cz\/wp-content\/uploads\/beanbag1_2.png","url":"https:\/\/www.keraben-cr.cz\/wp-content\/uploads\/beanbag1_2.png","height":0,"width":0},"url":"https:\/\/www.keraben-cr.cz\/je-vhodne-pouzivat-sedaci-vaky-pro-deti\/","about":["Produkty"],"wordCount":444,"articleBody":"Nen\u00ed t\u0159eba \u0159\u00edkat, \u017ee sou\u010dasn\u00e1 generace skute\u010dn\u011b hodn\u011b sed\u00ed. A to plat\u00ed i o d\u011btech, kter\u00e9 si hraj\u00ed s tabletem \u010di mobiln\u00edm telefonem m\u00edsto nap\u0159\u00edklad s m\u00ed\u010dem. Proto je d\u016fle\u017eit\u00e9, aby si ji\u017e v ml\u00e1d\u00ed utvrzovaly spr\u00e1vn\u00fd styl sedu, aby se p\u0159ede\u0161lo probl\u00e9m\u016fm s v\u00fdvojem p\u00e1te\u0159e.Z tohoto d\u016fvodu je pom\u011brn\u011b z\u00e1sadn\u00ed i volba sedac\u00edho n\u00e1bytku. Ten m\u016f\u017ee na\u0161e sna\u017een\u00ed bu\u010f podpo\u0159it, nebo kazit. Zvl\u00e1\u0161t\u011b pokud se jedn\u00e1 o d\u011bti, m\u011bli bychom skute\u010dn\u011b dob\u0159e vyb\u00edrat.Nap\u0159\u00edklad hlubok\u00e1 k\u0159esla, jakkoliv jsou pohodln\u00e1, nejsou p\u0159\u00edli\u0161 vhodn\u00e1 pro dlouhodob\u00e9 pravideln\u00e9 pou\u017e\u00edv\u00e1n\u00ed. Neposkytuj\u00ed toti\u017e dostate\u010dnou oporu z\u00e1d\u016fm a k\u0159\u00ed\u017e je v nich v nep\u0159irozen\u00e9m \u00fahlu.Ide\u00e1ln\u00ed jsou tedy nap\u0159\u00edklad kancel\u00e1\u0159sk\u00e9 \u017eidle, kter\u00e9 maj\u00ed nastaviteln\u00e9 op\u011bradlo pro z\u00e1da i op\u011brky pro ruce. Kvalitn\u00ed v\u00fdrobky toti\u017e samy podporuj\u00ed spr\u00e1vn\u00fd styl sezen\u00ed a pom\u00e1haj\u00ed i na\u0161\u00ed p\u00e1te\u0159i. Proto se hod\u00ed jak pro mlad\u00e9, tak pro star\u0161\u00ed lidi.V posledn\u00ed dob\u011b se za\u010d\u00ednaj\u00ed do m\u00f3dy dost\u00e1vat i sedac\u00ed vaky. Jsou neform\u00e1ln\u00ed, tvarovateln\u00e9, snadno p\u0159enosn\u00e9 a d\u00edky \u0161irok\u00e9 \u0161k\u00e1le barev zapadnou prakticky do ka\u017ed\u00e9ho prostoru. Nav\u00edc na nich lze sed\u011bt \u010di t\u00e9m\u011b\u0159 le\u017eet v jak\u00e9koliv poloze, kter\u00e1 se n\u00e1m zamane.Nev\u00fdhodou samoz\u0159ejm\u011b je, \u017ee jsme n\u00edzko u zem\u011b. Za norm\u00e1ln\u00edch okolnost\u00ed to probl\u00e9m nen\u00ed, av\u0161ak v p\u0159\u00edpad\u011b, \u017ee n\u011bco d\u011bl\u00e1me u stolu, mus\u00edme vz\u00edt zavd\u011bk klasickou \u017eidl\u00ed. Ot\u00e1zkou je, zda jsou tyto sedac\u00ed vaky pro d\u011bti vhodn\u00e9. Koneckonc\u016f, jejich p\u00e1te\u0159, stejn\u011b jako n\u00e1vyky, se st\u00e1le je\u0161t\u011b vyv\u00edj\u00ed.A odpov\u011b\u010f zn\u00ed, \u017ee nikoliv. Jeliko\u017e tento v\u00fdrobek podporuje nejr\u016fzn\u011bj\u0161\u00ed zkroucen\u00e9 polohy, nen\u00ed pro vyv\u00edjej\u00edc\u00ed se d\u011btsk\u00e1 z\u00e1da vhodn\u00fd. Jejich dlouhodob\u00e9 pravideln\u00e9 pou\u017e\u00edv\u00e1n\u00ed m\u016f\u017ee m\u00edt za n\u00e1sledek probl\u00e9my s p\u00e1te\u0159\u00ed, p\u0159\u00edpadn\u011b ve v\u00e1\u017en\u00e9m p\u0159\u00edpad\u011b a\u017e skoli\u00f3zu. A to samoz\u0159ejm\u011b \u017e\u00e1dn\u00fd rodi\u010d nechce.Samoz\u0159ejm\u011b nen\u00ed nic \u0161patn\u00e9ho, kdy\u017e je pou\u017eij\u00ed jednou za \u010das, nap\u0159\u00edklad p\u0159i h\u0159e s kamar\u00e1dy. Ale jejich denn\u00ed pou\u017e\u00edv\u00e1n\u00ed rozhodn\u011b nen\u00ed doporu\u010deno. Na tom se shoduje v\u011bt\u0161ina ortoped\u016f.Jak\u00fd zp\u016fsob zvol\u00edte, z\u00e1vis\u00ed tedy rozhodn\u011b na v\u00e1s. Jen zva\u017ete v\u0161echny n\u00e1sledky, ne\u017e se definitivn\u011b rozhodnete.                                                                                                                                                                                                                                                                                                                                                                                                 "},{"@context":"https:\/\/schema.org\/","@type":"BreadcrumbList","itemListElement":[{"@type":"ListItem","position":1,"name":"Je vhodn\u00e9 pou\u017e\u00edvat sedac\u00ed vaky pro d\u011bti?","item":"https:\/\/www.keraben-cr.cz\/je-vhodne-pouzivat-sedaci-vaky-pro-deti\/#breadcrumbitem"}]}]